{"id":5721,"date":"2026-09-04T20:05:02","date_gmt":"2026-09-04T18:05:02","guid":{"rendered":"https:\/\/www.lamsmatera.it\/?p=5721"},"modified":"2026-09-04T20:31:41","modified_gmt":"2026-09-04T18:31:41","slug":"26-premio-lams-matera","status":"publish","type":"post","link":"https:\/\/www.lamsmatera.it\/en\/concorsi-di-esecuzione-musicale\/2026\/26-premio-lams-matera\/","title":{"rendered":"26\u00b0 PREMIO LAMS MATERA"},"content":{"rendered":"\n<p class=\"wp-block-paragraph\"><strong>Concorso Internazionale per Giovani Musicisti<\/strong><\/p>\n\n\n\n<p class=\"wp-block-paragraph\">Il <strong>Premio LAMS Matera<\/strong>, storico concorso internazionale dedicato ai giovani musicisti, giunge nel 2026 alla sua <strong>ventiseiesima edizione<\/strong>, confermandosi come una delle iniziative pi\u00f9 rilevanti del panorama musicale e culturale lucano.<\/p>\n\n\n\n<p class=\"wp-block-paragraph\">Dopo il grande successo delle precedenti edizioni, il concorso si svolger\u00e0 <strong>dal 21 al 24 ottobre 2026<\/strong>, sia in modalit\u00e0 <strong>live a Matera<\/strong> che in <strong>versione online<\/strong> sui canali ufficiali Facebook e YouTube del LAMS.<\/p>\n\n\n<div class=\"wp-block-image\">\n<figure class=\"aligncenter size-medium\"><a href=\"https:\/\/www.lamsmatera.it\/wp-content\/uploads\/2026\/09\/Locand.-Premio-Lams-Matera-2026-scaled.jpg\"><img loading=\"lazy\" decoding=\"async\" width=\"212\" height=\"300\" src=\"https:\/\/www.lamsmatera.it\/wp-content\/uploads\/2026\/09\/Locand.-Premio-Lams-Matera-2026-212x300.jpg\" alt=\"\" class=\"wp-image-5740\" srcset=\"https:\/\/www.lamsmatera.it\/wp-content\/uploads\/2026\/09\/Locand.-Premio-Lams-Matera-2026-212x300.jpg 212w, https:\/\/www.lamsmatera.it\/wp-content\/uploads\/2026\/09\/Locand.-Premio-Lams-Matera-2026-722x1024.jpg 722w, https:\/\/www.lamsmatera.it\/wp-content\/uploads\/2026\/09\/Locand.-Premio-Lams-Matera-2026-768x1089.jpg 768w, https:\/\/www.lamsmatera.it\/wp-content\/uploads\/2026\/09\/Locand.-Premio-Lams-Matera-2026-1083x1536.jpg 1083w, https:\/\/www.lamsmatera.it\/wp-content\/uploads\/2026\/09\/Locand.-Premio-Lams-Matera-2026-1444x2048.jpg 1444w, https:\/\/www.lamsmatera.it\/wp-content\/uploads\/2026\/09\/Locand.-Premio-Lams-Matera-2026-scaled.jpg 1805w\" sizes=\"auto, (max-width: 212px) 100vw, 212px\" \/><\/a><\/figure>\n<\/div>\n\n\n<hr class=\"wp-block-separator has-alpha-channel-opacity\"\/>\n\n\n\n<h2 class=\"wp-block-heading\">\ud83c\udfbc Sezioni e categorie<\/h2>\n\n\n\n<p class=\"wp-block-paragraph\">Il concorso \u00e8 aperto a <strong>musicisti di tutte le et\u00e0 e nazionalit\u00e0<\/strong>, studenti e diplomati di Conservatori, Istituti e Scuole di Musica.<\/p>\n\n\n\n<ul class=\"wp-block-list\">\n<li><strong>Solisti<\/strong>: pianoforte, archi, fiati, chitarra, percussioni, fisarmonica, arpa<\/li>\n\n\n\n<li><strong>Musica da camera ed ensemble<\/strong>: formazioni strumentali e\/o vocali dal Barocco ai giorni nostri<\/li>\n\n\n\n<li><strong>Music No Limits<\/strong>: scuole dell\u2019infanzia, primarie e secondarie (solisti, cori, orchestre, gruppi strumentali)<\/li>\n<\/ul>\n\n\n\n<hr class=\"wp-block-separator has-alpha-channel-opacity\"\/>\n\n\n\n<h2 class=\"wp-block-heading\">\ud83c\udfc6 Premi<\/h2>\n\n\n\n<p class=\"wp-block-paragraph\">Il montepremi complessivo \u00e8 di <strong>\u20ac 5.000<\/strong>, suddiviso tra:<\/p>\n\n\n\n<ul class=\"wp-block-list\">\n<li><strong>Concerti retribuiti, borse di studio e premi speciali<\/strong><\/li>\n\n\n\n<li>Premi assoluti per i vincitori delle sezioni 1\u20136<\/li>\n\n\n\n<li><em>Young Talents Concerts<\/em>:\n<ul class=\"wp-block-list\">\n<li>1\u00b0 classificato: \u20ac 1.000<\/li>\n\n\n\n<li>2\u00b0 classificato: \u20ac 750<\/li>\n\n\n\n<li>3\u00b0 classificato: \u20ac 500<\/li>\n<\/ul>\n<\/li>\n\n\n\n<li><strong>Premio del Pubblico<\/strong>: \u20ac 100<\/li>\n\n\n\n<li><strong>Music No Limits<\/strong>: voucher per strumenti e accessori musicali<\/li>\n<\/ul>\n\n\n\n<hr class=\"wp-block-separator has-alpha-channel-opacity\"\/>\n\n\n\n<h2 class=\"wp-block-heading\">\ud83d\udcdd Modalit\u00e0 di partecipazione<\/h2>\n\n\n\n<ul class=\"wp-block-list\">\n<li><strong>Scadenza iscrizioni<\/strong>: 10 ottobre 2026<\/li>\n\n\n\n<li>Due modalit\u00e0 a scelta:\n<ul class=\"wp-block-list\">\n<li><strong>Live<\/strong> a Matera (Auditorium Giovanni Paolo II \u2013 Palazzo Viceconte per la finale) <strong>dal 21 al 24 ottobre 2026<\/strong><\/li>\n\n\n\n<li><strong>Online<\/strong> con video pubblicati sul canale YouTube LAMS<strong>dal 21 al 24 ottobre 2026<\/strong><\/li>\n<\/ul>\n<\/li>\n<\/ul>\n\n\n\n<hr class=\"wp-block-separator has-alpha-channel-opacity\"\/>\n\n\n\n<h2 class=\"wp-block-heading\">\ud83d\udcc2 Scarica il bando e iscriviti<\/h2>\n\n\n\n<p class=\"wp-block-paragraph\">\ud83d\udcd1 <a href=\"https:\/\/www.lamsmatera.it\/wp-content\/uploads\/2026\/09\/26\u00b0-Premio-Lams-Matera-Bando-2026.pdf\">Scarica il Bando<\/a><\/p>\n\n\n\n<p class=\"wp-block-paragraph\">\ud83d\udcd1 <a href=\"https:\/\/www.lamsmatera.it\/wp-content\/uploads\/2026\/09\/26th-Lams-Matera-Award-Call-2026.pdf\">Download the Call (ENG)<\/a><\/p>\n\n\n\n<p class=\"has-text-align-center wp-block-paragraph\">\ud83d\udd8a Iscriviti al Concorso<\/p>\n\n\n\n<hr class=\"wp-block-separator has-alpha-channel-opacity\"\/>\n\n\n\n<h2 class=\"wp-block-heading\">\u2139\ufe0f Informazioni e contatti<\/h2>\n\n\n\n<ul class=\"wp-block-list\">\n<li>Sito ufficiale: <a href=\"http:\/\/www.lamsmatera.it\" target=\"_blank\" rel=\"noreferrer noopener\">www.lamsmatera.it<\/a><\/li>\n\n\n\n<li>E-mail: <a href=\"mailto:concorso@lamsmatera.it\">concorso@lamsmatera.it<\/a><\/li>\n\n\n\n<li>Cell: +39 338 8617032<\/li>\n\n\n\n<li>Facebook: <a href=\"https:\/\/www.facebook.com\/lamsmatera\" target=\"_blank\" rel=\"noreferrer noopener\">Lams Matera<\/a><\/li>\n<\/ul>\n\n\n\n<p class=\"wp-block-paragraph\"><\/p>\n","protected":false},"excerpt":{"rendered":"<p>Concorso Internazionale per Giovani Musicisti Il Premio LAMS Matera, storico concorso internazionale dedicato ai giovani musicisti, giunge nel 2026 alla sua ventiseiesima edizione, confermandosi come una delle iniziative pi\u00f9 rilevanti del panorama musicale e culturale lucano. Dopo il grande successo delle precedenti edizioni, il concorso si svolger\u00e0 dal 21 al 24 ottobre 2026, sia in<a class=\"moretag\" href=\"https:\/\/www.lamsmatera.it\/en\/concorsi-di-esecuzione-musicale\/2026\/26-premio-lams-matera\/\"> &nbsp; [Read more]<\/a><\/p>\n","protected":false},"author":2,"featured_media":0,"comment_status":"closed","ping_status":"open","sticky":false,"template":"","format":"standard","meta":{"footnotes":""},"categories":[276,1],"tags":[27,29,103],"class_list":["post-5721","post","type-post","status-publish","format-standard","hentry","category-276","category-news","tag-musica","tag-matera","tag-concorso-di-esecuzione-musicale"],"yoast_head":"<!-- This site is optimized with the Yoast SEO plugin v28.4 - https:\/\/yoast.com\/product\/yoast-seo-wordpress\/ -->\n<title>26\u00b0 PREMIO LAMS MATERA - LAMS<\/title>\n<meta name=\"robots\" content=\"index, follow, max-snippet:-1, max-image-preview:large, max-video-preview:-1\" \/>\n<link rel=\"canonical\" href=\"https:\/\/www.lamsmatera.it\/concorsi-di-esecuzione-musicale\/2026\/26-premio-lams-matera\/\" \/>\n<meta property=\"og:locale\" content=\"en_US\" \/>\n<meta property=\"og:type\" content=\"article\" \/>\n<meta property=\"og:title\" content=\"26\u00b0 PREMIO LAMS MATERA - LAMS\" \/>\n<meta property=\"og:description\" content=\"Concorso Internazionale per Giovani Musicisti Il Premio LAMS Matera, storico concorso internazionale dedicato ai giovani musicisti, giunge nel 2026 alla sua ventiseiesima edizione, confermandosi come una delle iniziative pi\u00f9 rilevanti del panorama musicale e culturale lucano. Dopo il grande successo delle precedenti edizioni, il concorso si svolger\u00e0 dal 21 al 24 ottobre 2026, sia in &nbsp; [Read more]\" \/>\n<meta property=\"og:url\" content=\"https:\/\/www.lamsmatera.it\/concorsi-di-esecuzione-musicale\/2026\/26-premio-lams-matera\/\" \/>\n<meta property=\"og:site_name\" content=\"LAMS\" \/>\n<meta property=\"article:published_time\" content=\"2026-09-04T18:05:02+00:00\" \/>\n<meta property=\"article:modified_time\" content=\"2026-09-04T18:31:41+00:00\" \/>\n<meta property=\"og:image\" content=\"https:\/\/www.lamsmatera.it\/wp-content\/uploads\/2026\/09\/Locand.-Premio-Lams-Matera-2026-scaled.jpg\" \/>\n\t<meta property=\"og:image:width\" content=\"1805\" \/>\n\t<meta property=\"og:image:height\" content=\"2560\" \/>\n\t<meta property=\"og:image:type\" content=\"image\/jpeg\" \/>\n<meta name=\"author\" content=\"Francesco Pompeo\" \/>\n<meta name=\"twitter:card\" content=\"summary_large_image\" \/>\n<meta name=\"twitter:label1\" content=\"Written by\" \/>\n\t<meta name=\"twitter:data1\" content=\"Francesco Pompeo\" \/>\n\t<meta name=\"twitter:label2\" content=\"Est. reading time\" \/>\n\t<meta name=\"twitter:data2\" content=\"2 minutes\" \/>\n<script type=\"application\/ld+json\" class=\"yoast-schema-graph\">{\"@context\":\"https:\\\/\\\/schema.org\",\"@graph\":[{\"@type\":\"Article\",\"@id\":\"https:\\\/\\\/www.lamsmatera.it\\\/concorsi-di-esecuzione-musicale\\\/2026\\\/26-premio-lams-matera\\\/#article\",\"isPartOf\":{\"@id\":\"https:\\\/\\\/www.lamsmatera.it\\\/concorsi-di-esecuzione-musicale\\\/2026\\\/26-premio-lams-matera\\\/\"},\"author\":{\"name\":\"Francesco Pompeo\",\"@id\":\"https:\\\/\\\/www.lamsmatera.it\\\/#\\\/schema\\\/person\\\/44e64cc44094a3fdf6925b1cb6a84993\"},\"headline\":\"26\u00b0 PREMIO LAMS MATERA\",\"datePublished\":\"2026-09-04T18:05:02+00:00\",\"dateModified\":\"2026-09-04T18:31:41+00:00\",\"mainEntityOfPage\":{\"@id\":\"https:\\\/\\\/www.lamsmatera.it\\\/concorsi-di-esecuzione-musicale\\\/2026\\\/26-premio-lams-matera\\\/\"},\"wordCount\":237,\"image\":{\"@id\":\"https:\\\/\\\/www.lamsmatera.it\\\/concorsi-di-esecuzione-musicale\\\/2026\\\/26-premio-lams-matera\\\/#primaryimage\"},\"thumbnailUrl\":\"https:\\\/\\\/www.lamsmatera.it\\\/wp-content\\\/uploads\\\/2026\\\/09\\\/Locand.-Premio-Lams-Matera-2026-212x300.jpg\",\"keywords\":[\"Musica\",\"Matera\",\"concorso di esecuzione musicale\"],\"articleSection\":[\"\",\"News\"],\"inLanguage\":\"en-US\"},{\"@type\":\"WebPage\",\"@id\":\"https:\\\/\\\/www.lamsmatera.it\\\/concorsi-di-esecuzione-musicale\\\/2026\\\/26-premio-lams-matera\\\/\",\"url\":\"https:\\\/\\\/www.lamsmatera.it\\\/concorsi-di-esecuzione-musicale\\\/2026\\\/26-premio-lams-matera\\\/\",\"name\":\"26\u00b0 PREMIO LAMS MATERA - LAMS\",\"isPartOf\":{\"@id\":\"https:\\\/\\\/www.lamsmatera.it\\\/#website\"},\"primaryImageOfPage\":{\"@id\":\"https:\\\/\\\/www.lamsmatera.it\\\/concorsi-di-esecuzione-musicale\\\/2026\\\/26-premio-lams-matera\\\/#primaryimage\"},\"image\":{\"@id\":\"https:\\\/\\\/www.lamsmatera.it\\\/concorsi-di-esecuzione-musicale\\\/2026\\\/26-premio-lams-matera\\\/#primaryimage\"},\"thumbnailUrl\":\"https:\\\/\\\/www.lamsmatera.it\\\/wp-content\\\/uploads\\\/2026\\\/09\\\/Locand.-Premio-Lams-Matera-2026-212x300.jpg\",\"datePublished\":\"2026-09-04T18:05:02+00:00\",\"dateModified\":\"2026-09-04T18:31:41+00:00\",\"author\":{\"@id\":\"https:\\\/\\\/www.lamsmatera.it\\\/#\\\/schema\\\/person\\\/44e64cc44094a3fdf6925b1cb6a84993\"},\"breadcrumb\":{\"@id\":\"https:\\\/\\\/www.lamsmatera.it\\\/concorsi-di-esecuzione-musicale\\\/2026\\\/26-premio-lams-matera\\\/#breadcrumb\"},\"inLanguage\":\"en-US\",\"potentialAction\":[{\"@type\":\"ReadAction\",\"target\":[\"https:\\\/\\\/www.lamsmatera.it\\\/concorsi-di-esecuzione-musicale\\\/2026\\\/26-premio-lams-matera\\\/\"]}]},{\"@type\":\"ImageObject\",\"inLanguage\":\"en-US\",\"@id\":\"https:\\\/\\\/www.lamsmatera.it\\\/concorsi-di-esecuzione-musicale\\\/2026\\\/26-premio-lams-matera\\\/#primaryimage\",\"url\":\"https:\\\/\\\/www.lamsmatera.it\\\/wp-content\\\/uploads\\\/2026\\\/09\\\/Locand.-Premio-Lams-Matera-2026-212x300.jpg\",\"contentUrl\":\"https:\\\/\\\/www.lamsmatera.it\\\/wp-content\\\/uploads\\\/2026\\\/09\\\/Locand.-Premio-Lams-Matera-2026-212x300.jpg\"},{\"@type\":\"BreadcrumbList\",\"@id\":\"https:\\\/\\\/www.lamsmatera.it\\\/concorsi-di-esecuzione-musicale\\\/2026\\\/26-premio-lams-matera\\\/#breadcrumb\",\"itemListElement\":[{\"@type\":\"ListItem\",\"position\":1,\"name\":\"Home\",\"item\":\"https:\\\/\\\/www.lamsmatera.it\\\/\"},{\"@type\":\"ListItem\",\"position\":2,\"name\":\"26\u00b0 PREMIO LAMS MATERA\"}]},{\"@type\":\"WebSite\",\"@id\":\"https:\\\/\\\/www.lamsmatera.it\\\/#website\",\"url\":\"https:\\\/\\\/www.lamsmatera.it\\\/\",\"name\":\"LAMS\",\"description\":\"Lams\",\"potentialAction\":[{\"@type\":\"SearchAction\",\"target\":{\"@type\":\"EntryPoint\",\"urlTemplate\":\"https:\\\/\\\/www.lamsmatera.it\\\/?s={search_term_string}\"},\"query-input\":{\"@type\":\"PropertyValueSpecification\",\"valueRequired\":true,\"valueName\":\"search_term_string\"}}],\"inLanguage\":\"en-US\"},{\"@type\":\"Person\",\"@id\":\"https:\\\/\\\/www.lamsmatera.it\\\/#\\\/schema\\\/person\\\/44e64cc44094a3fdf6925b1cb6a84993\",\"name\":\"Francesco Pompeo\",\"image\":{\"@type\":\"ImageObject\",\"inLanguage\":\"en-US\",\"@id\":\"https:\\\/\\\/secure.gravatar.com\\\/avatar\\\/60e836bda5452bf0b9c539fba9f2e31bb03f5234769db21d54b155449eff13be?s=96&d=mm&r=g\",\"url\":\"https:\\\/\\\/secure.gravatar.com\\\/avatar\\\/60e836bda5452bf0b9c539fba9f2e31bb03f5234769db21d54b155449eff13be?s=96&d=mm&r=g\",\"contentUrl\":\"https:\\\/\\\/secure.gravatar.com\\\/avatar\\\/60e836bda5452bf0b9c539fba9f2e31bb03f5234769db21d54b155449eff13be?s=96&d=mm&r=g\",\"caption\":\"Francesco Pompeo\"}}]}<\/script>\n<!-- \/ Yoast SEO plugin. -->","yoast_head_json":{"title":"26\u00b0 PREMIO LAMS MATERA - LAMS","robots":{"index":"index","follow":"follow","max-snippet":"max-snippet:-1","max-image-preview":"max-image-preview:large","max-video-preview":"max-video-preview:-1"},"canonical":"https:\/\/www.lamsmatera.it\/concorsi-di-esecuzione-musicale\/2026\/26-premio-lams-matera\/","og_locale":"en_US","og_type":"article","og_title":"26\u00b0 PREMIO LAMS MATERA - LAMS","og_description":"Concorso Internazionale per Giovani Musicisti Il Premio LAMS Matera, storico concorso internazionale dedicato ai giovani musicisti, giunge nel 2026 alla sua ventiseiesima edizione, confermandosi come una delle iniziative pi\u00f9 rilevanti del panorama musicale e culturale lucano. Dopo il grande successo delle precedenti edizioni, il concorso si svolger\u00e0 dal 21 al 24 ottobre 2026, sia in &nbsp; [Read more]","og_url":"https:\/\/www.lamsmatera.it\/concorsi-di-esecuzione-musicale\/2026\/26-premio-lams-matera\/","og_site_name":"LAMS","article_published_time":"2026-09-04T18:05:02+00:00","article_modified_time":"2026-09-04T18:31:41+00:00","og_image":[{"width":1805,"height":2560,"url":"https:\/\/www.lamsmatera.it\/wp-content\/uploads\/2026\/09\/Locand.-Premio-Lams-Matera-2026-scaled.jpg","type":"image\/jpeg"}],"author":"Francesco Pompeo","twitter_card":"summary_large_image","twitter_misc":{"Written by":"Francesco Pompeo","Est. reading time":"2 minutes"},"schema":{"@context":"https:\/\/schema.org","@graph":[{"@type":"Article","@id":"https:\/\/www.lamsmatera.it\/concorsi-di-esecuzione-musicale\/2026\/26-premio-lams-matera\/#article","isPartOf":{"@id":"https:\/\/www.lamsmatera.it\/concorsi-di-esecuzione-musicale\/2026\/26-premio-lams-matera\/"},"author":{"name":"Francesco Pompeo","@id":"https:\/\/www.lamsmatera.it\/#\/schema\/person\/44e64cc44094a3fdf6925b1cb6a84993"},"headline":"26\u00b0 PREMIO LAMS MATERA","datePublished":"2026-09-04T18:05:02+00:00","dateModified":"2026-09-04T18:31:41+00:00","mainEntityOfPage":{"@id":"https:\/\/www.lamsmatera.it\/concorsi-di-esecuzione-musicale\/2026\/26-premio-lams-matera\/"},"wordCount":237,"image":{"@id":"https:\/\/www.lamsmatera.it\/concorsi-di-esecuzione-musicale\/2026\/26-premio-lams-matera\/#primaryimage"},"thumbnailUrl":"https:\/\/www.lamsmatera.it\/wp-content\/uploads\/2026\/09\/Locand.-Premio-Lams-Matera-2026-212x300.jpg","keywords":["Musica","Matera","concorso di esecuzione musicale"],"articleSection":["","News"],"inLanguage":"en-US"},{"@type":"WebPage","@id":"https:\/\/www.lamsmatera.it\/concorsi-di-esecuzione-musicale\/2026\/26-premio-lams-matera\/","url":"https:\/\/www.lamsmatera.it\/concorsi-di-esecuzione-musicale\/2026\/26-premio-lams-matera\/","name":"26\u00b0 PREMIO LAMS MATERA - LAMS","isPartOf":{"@id":"https:\/\/www.lamsmatera.it\/#website"},"primaryImageOfPage":{"@id":"https:\/\/www.lamsmatera.it\/concorsi-di-esecuzione-musicale\/2026\/26-premio-lams-matera\/#primaryimage"},"image":{"@id":"https:\/\/www.lamsmatera.it\/concorsi-di-esecuzione-musicale\/2026\/26-premio-lams-matera\/#primaryimage"},"thumbnailUrl":"https:\/\/www.lamsmatera.it\/wp-content\/uploads\/2026\/09\/Locand.-Premio-Lams-Matera-2026-212x300.jpg","datePublished":"2026-09-04T18:05:02+00:00","dateModified":"2026-09-04T18:31:41+00:00","author":{"@id":"https:\/\/www.lamsmatera.it\/#\/schema\/person\/44e64cc44094a3fdf6925b1cb6a84993"},"breadcrumb":{"@id":"https:\/\/www.lamsmatera.it\/concorsi-di-esecuzione-musicale\/2026\/26-premio-lams-matera\/#breadcrumb"},"inLanguage":"en-US","potentialAction":[{"@type":"ReadAction","target":["https:\/\/www.lamsmatera.it\/concorsi-di-esecuzione-musicale\/2026\/26-premio-lams-matera\/"]}]},{"@type":"ImageObject","inLanguage":"en-US","@id":"https:\/\/www.lamsmatera.it\/concorsi-di-esecuzione-musicale\/2026\/26-premio-lams-matera\/#primaryimage","url":"https:\/\/www.lamsmatera.it\/wp-content\/uploads\/2026\/09\/Locand.-Premio-Lams-Matera-2026-212x300.jpg","contentUrl":"https:\/\/www.lamsmatera.it\/wp-content\/uploads\/2026\/09\/Locand.-Premio-Lams-Matera-2026-212x300.jpg"},{"@type":"BreadcrumbList","@id":"https:\/\/www.lamsmatera.it\/concorsi-di-esecuzione-musicale\/2026\/26-premio-lams-matera\/#breadcrumb","itemListElement":[{"@type":"ListItem","position":1,"name":"Home","item":"https:\/\/www.lamsmatera.it\/"},{"@type":"ListItem","position":2,"name":"26\u00b0 PREMIO LAMS MATERA"}]},{"@type":"WebSite","@id":"https:\/\/www.lamsmatera.it\/#website","url":"https:\/\/www.lamsmatera.it\/","name":"LAMS","description":"Lams","potentialAction":[{"@type":"SearchAction","target":{"@type":"EntryPoint","urlTemplate":"https:\/\/www.lamsmatera.it\/?s={search_term_string}"},"query-input":{"@type":"PropertyValueSpecification","valueRequired":true,"valueName":"search_term_string"}}],"inLanguage":"en-US"},{"@type":"Person","@id":"https:\/\/www.lamsmatera.it\/#\/schema\/person\/44e64cc44094a3fdf6925b1cb6a84993","name":"Francesco Pompeo","image":{"@type":"ImageObject","inLanguage":"en-US","@id":"https:\/\/secure.gravatar.com\/avatar\/60e836bda5452bf0b9c539fba9f2e31bb03f5234769db21d54b155449eff13be?s=96&d=mm&r=g","url":"https:\/\/secure.gravatar.com\/avatar\/60e836bda5452bf0b9c539fba9f2e31bb03f5234769db21d54b155449eff13be?s=96&d=mm&r=g","contentUrl":"https:\/\/secure.gravatar.com\/avatar\/60e836bda5452bf0b9c539fba9f2e31bb03f5234769db21d54b155449eff13be?s=96&d=mm&r=g","caption":"Francesco Pompeo"}}]}},"jetpack_featured_media_url":"","_links":{"self":[{"href":"https:\/\/www.lamsmatera.it\/en\/wp-json\/wp\/v2\/posts\/5721","targetHints":{"allow":["GET"]}}],"collection":[{"href":"https:\/\/www.lamsmatera.it\/en\/wp-json\/wp\/v2\/posts"}],"about":[{"href":"https:\/\/www.lamsmatera.it\/en\/wp-json\/wp\/v2\/types\/post"}],"author":[{"embeddable":true,"href":"https:\/\/www.lamsmatera.it\/en\/wp-json\/wp\/v2\/users\/2"}],"replies":[{"embeddable":true,"href":"https:\/\/www.lamsmatera.it\/en\/wp-json\/wp\/v2\/comments?post=5721"}],"version-history":[{"count":5,"href":"https:\/\/www.lamsmatera.it\/en\/wp-json\/wp\/v2\/posts\/5721\/revisions"}],"predecessor-version":[{"id":5741,"href":"https:\/\/www.lamsmatera.it\/en\/wp-json\/wp\/v2\/posts\/5721\/revisions\/5741"}],"wp:attachment":[{"href":"https:\/\/www.lamsmatera.it\/en\/wp-json\/wp\/v2\/media?parent=5721"}],"wp:term":[{"taxonomy":"category","embeddable":true,"href":"https:\/\/www.lamsmatera.it\/en\/wp-json\/wp\/v2\/categories?post=5721"},{"taxonomy":"post_tag","embeddable":true,"href":"https:\/\/www.lamsmatera.it\/en\/wp-json\/wp\/v2\/tags?post=5721"}],"curies":[{"name":"wp","href":"https:\/\/api.w.org\/{rel}","templated":true}]}}